{"id":24141,"date":"2026-03-23T09:05:37","date_gmt":"2026-03-23T08:05:37","guid":{"rendered":"https:\/\/dga.de\/preisanpassung-aufgrund-der-aktuellen-weltlage\/"},"modified":"2026-03-26T06:43:33","modified_gmt":"2026-03-26T05:43:33","slug":"preisanpassung-aufgrund-der-aktuellen-weltlage","status":"publish","type":"post","link":"https:\/\/dga.de\/fr\/preisanpassung-aufgrund-der-aktuellen-weltlage\/","title":{"rendered":"Ajustement des prix en raison de la situation mondiale actuelle"},"content":{"rendered":"<div class=\"fusion-fullwidth fullwidth-box fusion-builder-row-1 fusion-flex-container nonhundred-percent-fullwidth non-hundred-percent-height-scrolling\" style=\"--awb-border-radius-top-left:0px;--awb-border-radius-top-right:0px;--awb-border-radius-bottom-right:0px;--awb-border-radius-bottom-left:0px;--awb-flex-wrap:wrap;\" ><div class=\"fusion-builder-row fusion-row fusion-flex-align-items-flex-start fusion-flex-content-wrap\" style=\"max-width:1144px;margin-left: calc(-4% \/ 2 );margin-right: calc(-4% \/ 2 );\"><div class=\"fusion-layout-column fusion_builder_column fusion-builder-column-0 fusion_builder_column_2_3 2_3 fusion-flex-column\" style=\"--awb-bg-size:cover;--awb-width-large:66.666666666667%;--awb-margin-top-large:0px;--awb-spacing-right-large:3.84%;--awb-margin-bottom-large:0px;--awb-spacing-left-large:2.88%;--awb-width-medium:100%;--awb-spacing-right-medium:1.92%;--awb-spacing-left-medium:1.92%;--awb-width-small:100%;--awb-spacing-right-small:1.92%;--awb-spacing-left-small:1.92%;\"><div class=\"fusion-column-wrapper fusion-flex-justify-content-flex-start fusion-content-layout-column\"><div class=\"fusion-title title fusion-title-1 fusion-title-text fusion-title-size-one\" style=\"--awb-margin-top-small:0px;--awb-margin-right-small:0px;--awb-margin-bottom-small:20px;--awb-margin-left-small:0px;\"><div class=\"title-sep-container title-sep-container-left fusion-no-large-visibility fusion-no-medium-visibility fusion-no-small-visibility\"><div class=\"title-sep sep-single sep-solid\" style=\"border-color:#e0dede;\"><\/div><\/div><span class=\"awb-title-spacer fusion-no-large-visibility fusion-no-medium-visibility fusion-no-small-visibility\"><\/span><h1 class=\"fusion-title-heading title-heading-left\" style=\"margin:0;\">Ajustement des prix en raison de la situation mondiale actuelle<\/h1><span class=\"awb-title-spacer\"><\/span><div class=\"title-sep-container title-sep-container-right\"><div class=\"title-sep sep-single sep-solid\" style=\"border-color:#e0dede;\"><\/div><\/div><\/div><div class=\"fusion-text fusion-text-1\"><p>Cher partenaire commercial,<br \/>\ncher client,<\/p>\n<p>Les tensions g\u00e9opolitiques persistantes ainsi que la poursuite de la guerre au Moyen-Orient entra\u00eenent des perturbations importantes sur les march\u00e9s mondiaux de l\u2019\u00e9nergie, du transport et des mati\u00e8res premi\u00e8res. Les \u00e9volutions concernant notamment les produits \u00e0 base de p\u00e9trole ont consid\u00e9rablement aggrav\u00e9 la situation globale du march\u00e9.<\/p>\n<p>La situation internationale est devenue extr\u00eamement volatile et marqu\u00e9e par une grande incertitude.<br \/>\nLes \u00e9volutions d\u00e9crites ont entra\u00een\u00e9 une augmentation inattendue et significative de nos co\u00fbts \u00e9nerg\u00e9tiques, de transport et de mati\u00e8res premi\u00e8res. Malgr\u00e9 des efforts intensifs pour absorber ces charges en interne, il ne nous est malheureusement plus possible de nous abstenir de r\u00e9percuter ces co\u00fbts suppl\u00e9mentaires.<\/p>\n<p>Afin de garantir la s\u00e9curit\u00e9 d\u2019approvisionnement ainsi que le niveau de service auquel vous \u00eates habitu\u00e9s, nous nous voyons contraints d\u2019introduire un suppl\u00e9ment de prix. Nous vous prions en outre d\u2019anticiper vos besoins, car il est actuellement difficile \u00e0 \u00e9valuer la fiabilit\u00e9 des flux d\u2019approvisionnement.<\/p>\n<p>Nous attachons une importance particuli\u00e8re \u00e0 ce que ces ajustements soient transparents et que vous en compreniez la n\u00e9cessit\u00e9. Les suppl\u00e9ments concernent exclusivement les groupes de produits directement affect\u00e9s par les \u00e9volutions actuelles du march\u00e9.<br \/>\nL\u2019ajustement des prix s\u2019applique aux livraisons \u00e0 partir du 13.04.2026. Les volumes pr\u00e9vus dans des contrats d\u00e9j\u00e0 conclus ainsi que les contrats de projet ne sont pas concern\u00e9s.<\/p>\n<p>Par ailleurs, nous sommes amen\u00e9s \u00e0 introduire, \u00e0 compter du 01.04.2026, un suppl\u00e9ment pour surco\u00fbt du diesel pour chaque palette livr\u00e9e. Ce suppl\u00e9ment sera indiqu\u00e9 s\u00e9par\u00e9ment sur les factures.<\/p>\n<p>D\u00e8s que la situation sur les march\u00e9s internationaux et les prix se seront stabilis\u00e9s, nous adapterons naturellement de nouveau les suppl\u00e9ments appliqu\u00e9s \u2013 en fonction des stocks, la r\u00e9duction pourrait intervenir avec un certain d\u00e9calage dans le temps.<\/p>\n<p>Nous vous remercions pour votre compr\u00e9hension et votre confiance dans ce contexte difficile. Vos interlocuteurs habituels restent \u00e0 votre disposition pour toute question.<\/p>\n<\/div><\/div><\/div><\/div><\/div>\n","protected":false},"excerpt":{"rendered":"","protected":false},"author":3,"featured_media":0,"comment_status":"closed","ping_status":"open","sticky":false,"template":"","format":"standard","meta":{"footnotes":""},"categories":[1081],"tags":[],"class_list":["post-24141","post","type-post","status-publish","format-standard","hentry","category-news-de-fr"],"_links":{"self":[{"href":"https:\/\/dga.de\/fr\/wp-json\/wp\/v2\/posts\/24141","targetHints":{"allow":["GET"]}}],"collection":[{"href":"https:\/\/dga.de\/fr\/wp-json\/wp\/v2\/posts"}],"about":[{"href":"https:\/\/dga.de\/fr\/wp-json\/wp\/v2\/types\/post"}],"author":[{"embeddable":true,"href":"https:\/\/dga.de\/fr\/wp-json\/wp\/v2\/users\/3"}],"replies":[{"embeddable":true,"href":"https:\/\/dga.de\/fr\/wp-json\/wp\/v2\/comments?post=24141"}],"version-history":[{"count":1,"href":"https:\/\/dga.de\/fr\/wp-json\/wp\/v2\/posts\/24141\/revisions"}],"predecessor-version":[{"id":24142,"href":"https:\/\/dga.de\/fr\/wp-json\/wp\/v2\/posts\/24141\/revisions\/24142"}],"wp:attachment":[{"href":"https:\/\/dga.de\/fr\/wp-json\/wp\/v2\/media?parent=24141"}],"wp:term":[{"taxonomy":"category","embeddable":true,"href":"https:\/\/dga.de\/fr\/wp-json\/wp\/v2\/categories?post=24141"},{"taxonomy":"post_tag","embeddable":true,"href":"https:\/\/dga.de\/fr\/wp-json\/wp\/v2\/tags?post=24141"}],"curies":[{"name":"wp","href":"https:\/\/api.w.org\/{rel}","templated":true}]}}